{"id":2343,"date":"2017-12-04T04:27:58","date_gmt":"2017-12-04T03:27:58","guid":{"rendered":"https:\/\/www.berrua.com\/?page_id=2343"},"modified":"2022-01-13T11:11:35","modified_gmt":"2022-01-13T10:11:35","slug":"saint-jean-pied-de-port-camping-pais-vasco","status":"publish","type":"post","link":"https:\/\/www.berrua.com\/es\/vacaciones-el-pais-vasco\/saint-jean-pied-de-port-camping-pais-vasco\/","title":{"rendered":"Saint Jean Pied de Port"},"content":{"rendered":"<h2>Visitar Saint-Jean-Pied-de-Port<\/h2>\n<p>Aut\u00e9ntica y preservada ciudad vasca, la antigua ciudad medieval de Saint-Jean-Pied-de-Port est\u00e1 catalogada en los \u00abpueblos m\u00e1s hermosos de Francia\u00bb.<\/p>\n<p>Un paso importante para los peregrinos y caminantes del camino de Compostela, es de hecho la salida de un largo tramo de 24 km pasando por el famoso Col de Roncesvalles.<\/p>\n<p>Situado en las estribaciones de los Pirineos en las orillas del Nive, Saint-Jean-Pied-de-Port conserva su impresionante ciudadela medieval, as\u00ed como murallas fortificadas y puertas. En verano, tomar el peque\u00f1o tren tur\u00edstico para descubrir a su vez las casas tradicionales del casco antiguo y los edificios notables como la casa Arcanzola, la casa Mansart, as\u00ed como la prisi\u00f3n de los obispos, un edificio clasificado con monumentos hist\u00f3ricos Que es el hogar de muchas exposiciones.<\/p>\n<p>La iglesia de nuestra Se\u00f1ora del fin del puente, conocida como la Iglesia Asunci\u00f3n de la Virgen, es el edificio g\u00f3tico m\u00e1s importante del pa\u00eds Vasco. Ella es adyacente en el viejo hospital medieval. Su patio es accesible por la puerta de Navarra. La puerta de Notre-Dame, por su parte, se abri\u00f3 en el campanario de la iglesia.<\/p>\n<p>El camino redondo, que se puede pedir prestado cerca de la iglesia, ofrece una vista impresionante de la ciudad. Otros lugares de excepci\u00f3n hacen el encanto de este pueblo vasco: durante su paseo, no se pierda la empinada calle de la ciudadela que une la Porte Saint-Jacques, ni la calle de Espa\u00f1a por la que los peregrinos se fueron.<\/p>\n<p>Las dos arterias son ricas en muchas fachadas notables, viejos puestos, dinteles y toldos tallados.<\/p>\n<h2>Domaine Berrua, 56 km desde Saint-Jean-Pied-de-Port<\/h2>\n<p>Al inicio del camping Sun\u00ealia berrua, a menos de una hora se le requerir\u00e1 en coche para llegar a Saint-Jean-Pied-de-Port. La ruta m\u00e1s corta y r\u00e1pida es llegar a Cambo-les-Bains por el D932, luego continuar por el D918, pasando por Itxassou, Louhossoa, Bidarray y Oss\u00e8s.<\/p>\n<h2>Ver tambi\u00e9n las ciudades alrededor de Saint Jean pied de port<\/h2>\n<p>Explore las diferentes playas de la costa durante sus <a href=\"\/es\/vacaciones-el-pais-vasco\/\">vacaciones en el Pa\u00eds Vasco<\/a>.<\/p>\n","protected":false},"excerpt":{"rendered":"<p>Visitar Saint-Jean-Pied-de-Port Aut\u00e9ntica y preservada ciudad vasca, la antigua ciudad medieval de Saint-Jean-Pied-de-Port est\u00e1 catalogada en los \u00abpueblos m\u00e1s hermosos de Francia\u00bb. Un paso importante para los peregrinos y caminantes del camino de Compostela, es de hecho la salida de un largo tramo de 24 km pasando por el famoso Col de Roncesvalles. Situado en [&hellip;]<\/p>\n","protected":false},"author":1,"featured_media":362,"comment_status":"closed","ping_status":"closed","sticky":false,"template":"","format":"standard","meta":{"_acf_changed":false,"inline_featured_image":false,"footnotes":""},"categories":[73],"tags":[],"sujet":[],"class_list":["post-2343","post","type-post","status-publish","format-standard","has-post-thumbnail","hentry","category-vacaciones-el-pais-vasco"],"acf":[],"yoast_head":"<!-- This site is optimized with the Yoast SEO plugin v26.2 - https:\/\/yoast.com\/wordpress\/plugins\/seo\/ -->\n<title>Visita Saint Jean Pied de Port - Camping vacaciones en la costa vasca<\/title>\n<meta name=\"robots\" content=\"index, follow, max-snippet:-1, max-image-preview:large, max-video-preview:-1\" \/>\n<link rel=\"canonical\" href=\"https:\/\/www.berrua.com\/es\/vacaciones-el-pais-vasco\/saint-jean-pied-de-port-camping-pais-vasco\/\" \/>\n<meta property=\"og:locale\" content=\"es_ES\" \/>\n<meta property=\"og:type\" content=\"article\" \/>\n<meta property=\"og:title\" content=\"Visita Saint Jean Pied de Port - Camping vacaciones en la costa vasca\" \/>\n<meta property=\"og:description\" content=\"Visitar Saint-Jean-Pied-de-Port Aut\u00e9ntica y preservada ciudad vasca, la antigua ciudad medieval de Saint-Jean-Pied-de-Port est\u00e1 catalogada en los \u00abpueblos m\u00e1s hermosos de Francia\u00bb. Un paso importante para los peregrinos y caminantes del camino de Compostela, es de hecho la salida de un largo tramo de 24 km pasando por el famoso Col de Roncesvalles. Situado en [&hellip;]\" \/>\n<meta property=\"og:url\" content=\"https:\/\/www.berrua.com\/es\/vacaciones-el-pais-vasco\/saint-jean-pied-de-port-camping-pais-vasco\/\" \/>\n<meta property=\"og:site_name\" content=\"Domaine Berrua\" \/>\n<meta property=\"article:published_time\" content=\"2017-12-04T03:27:58+00:00\" \/>\n<meta property=\"article:modified_time\" content=\"2022-01-13T10:11:35+00:00\" \/>\n<meta property=\"og:image\" content=\"https:\/\/www.berrua.com\/wp-content\/uploads\/2021\/10\/saint-jean.jpg\" \/>\n\t<meta property=\"og:image:width\" content=\"403\" \/>\n\t<meta property=\"og:image:height\" content=\"273\" \/>\n\t<meta property=\"og:image:type\" content=\"image\/jpeg\" \/>\n<meta name=\"author\" content=\"@dmin64\" \/>\n<meta name=\"twitter:card\" content=\"summary_large_image\" \/>\n<meta name=\"twitter:label1\" content=\"Escrito por\" \/>\n\t<meta name=\"twitter:data1\" content=\"@dmin64\" \/>\n\t<meta name=\"twitter:label2\" content=\"Tiempo de lectura\" \/>\n\t<meta name=\"twitter:data2\" content=\"2 minutos\" \/>\n<script type=\"application\/ld+json\" class=\"yoast-schema-graph\">{\"@context\":\"https:\/\/schema.org\",\"@graph\":[{\"@type\":\"Article\",\"@id\":\"https:\/\/www.berrua.com\/es\/vacaciones-el-pais-vasco\/saint-jean-pied-de-port-camping-pais-vasco\/#article\",\"isPartOf\":{\"@id\":\"https:\/\/www.berrua.com\/es\/vacaciones-el-pais-vasco\/saint-jean-pied-de-port-camping-pais-vasco\/\"},\"author\":{\"name\":\"@dmin64\",\"@id\":\"https:\/\/www.berrua.com\/es\/#\/schema\/person\/23ce488192890d9f66d7c256d0b837af\"},\"headline\":\"Saint Jean Pied de Port\",\"datePublished\":\"2017-12-04T03:27:58+00:00\",\"dateModified\":\"2022-01-13T10:11:35+00:00\",\"mainEntityOfPage\":{\"@id\":\"https:\/\/www.berrua.com\/es\/vacaciones-el-pais-vasco\/saint-jean-pied-de-port-camping-pais-vasco\/\"},\"wordCount\":356,\"publisher\":{\"@id\":\"https:\/\/www.berrua.com\/es\/#organization\"},\"image\":{\"@id\":\"https:\/\/www.berrua.com\/es\/vacaciones-el-pais-vasco\/saint-jean-pied-de-port-camping-pais-vasco\/#primaryimage\"},\"thumbnailUrl\":\"https:\/\/www.berrua.com\/wp-content\/uploads\/2021\/10\/saint-jean.jpg\",\"articleSection\":[\"Vacaciones en el Pa\u00eds Vasco\"],\"inLanguage\":\"es\"},{\"@type\":\"WebPage\",\"@id\":\"https:\/\/www.berrua.com\/es\/vacaciones-el-pais-vasco\/saint-jean-pied-de-port-camping-pais-vasco\/\",\"url\":\"https:\/\/www.berrua.com\/es\/vacaciones-el-pais-vasco\/saint-jean-pied-de-port-camping-pais-vasco\/\",\"name\":\"Visita Saint Jean Pied de Port - Camping vacaciones en la costa vasca\",\"isPartOf\":{\"@id\":\"https:\/\/www.berrua.com\/es\/#website\"},\"primaryImageOfPage\":{\"@id\":\"https:\/\/www.berrua.com\/es\/vacaciones-el-pais-vasco\/saint-jean-pied-de-port-camping-pais-vasco\/#primaryimage\"},\"image\":{\"@id\":\"https:\/\/www.berrua.com\/es\/vacaciones-el-pais-vasco\/saint-jean-pied-de-port-camping-pais-vasco\/#primaryimage\"},\"thumbnailUrl\":\"https:\/\/www.berrua.com\/wp-content\/uploads\/2021\/10\/saint-jean.jpg\",\"datePublished\":\"2017-12-04T03:27:58+00:00\",\"dateModified\":\"2022-01-13T10:11:35+00:00\",\"breadcrumb\":{\"@id\":\"https:\/\/www.berrua.com\/es\/vacaciones-el-pais-vasco\/saint-jean-pied-de-port-camping-pais-vasco\/#breadcrumb\"},\"inLanguage\":\"es\",\"potentialAction\":[{\"@type\":\"ReadAction\",\"target\":[\"https:\/\/www.berrua.com\/es\/vacaciones-el-pais-vasco\/saint-jean-pied-de-port-camping-pais-vasco\/\"]}]},{\"@type\":\"ImageObject\",\"inLanguage\":\"es\",\"@id\":\"https:\/\/www.berrua.com\/es\/vacaciones-el-pais-vasco\/saint-jean-pied-de-port-camping-pais-vasco\/#primaryimage\",\"url\":\"https:\/\/www.berrua.com\/wp-content\/uploads\/2021\/10\/saint-jean.jpg\",\"contentUrl\":\"https:\/\/www.berrua.com\/wp-content\/uploads\/2021\/10\/saint-jean.jpg\",\"width\":403,\"height\":273,\"caption\":\"saint-jean\"},{\"@type\":\"BreadcrumbList\",\"@id\":\"https:\/\/www.berrua.com\/es\/vacaciones-el-pais-vasco\/saint-jean-pied-de-port-camping-pais-vasco\/#breadcrumb\",\"itemListElement\":[{\"@type\":\"ListItem\",\"position\":1,\"name\":\"Camping Bidart au Pays Basque\",\"item\":\"https:\/\/www.berrua.com\/es\/\"},{\"@type\":\"ListItem\",\"position\":2,\"name\":\"Vacaciones en el Pa\u00eds Vasco\",\"item\":\"https:\/\/www.berrua.com\/es\/vacaciones-el-pais-vasco\/\"},{\"@type\":\"ListItem\",\"position\":3,\"name\":\"Saint Jean Pied de Port\"}]},{\"@type\":\"WebSite\",\"@id\":\"https:\/\/www.berrua.com\/es\/#website\",\"url\":\"https:\/\/www.berrua.com\/es\/\",\"name\":\"Domaine Berrua\",\"description\":\"\",\"publisher\":{\"@id\":\"https:\/\/www.berrua.com\/es\/#organization\"},\"potentialAction\":[{\"@type\":\"SearchAction\",\"target\":{\"@type\":\"EntryPoint\",\"urlTemplate\":\"https:\/\/www.berrua.com\/es\/?s={search_term_string}\"},\"query-input\":{\"@type\":\"PropertyValueSpecification\",\"valueRequired\":true,\"valueName\":\"search_term_string\"}}],\"inLanguage\":\"es\"},{\"@type\":\"Organization\",\"@id\":\"https:\/\/www.berrua.com\/es\/#organization\",\"name\":\"Camping Berrua\",\"url\":\"https:\/\/www.berrua.com\/es\/\",\"logo\":{\"@type\":\"ImageObject\",\"inLanguage\":\"es\",\"@id\":\"https:\/\/www.berrua.com\/es\/#\/schema\/logo\/image\/\",\"url\":\"https:\/\/www.berrua.com\/wp-content\/uploads\/2022\/01\/berrua.jpg\",\"contentUrl\":\"https:\/\/www.berrua.com\/wp-content\/uploads\/2022\/01\/berrua.jpg\",\"width\":321,\"height\":231,\"caption\":\"Camping Berrua\"},\"image\":{\"@id\":\"https:\/\/www.berrua.com\/es\/#\/schema\/logo\/image\/\"}},{\"@type\":\"Person\",\"@id\":\"https:\/\/www.berrua.com\/es\/#\/schema\/person\/23ce488192890d9f66d7c256d0b837af\",\"name\":\"@dmin64\",\"image\":{\"@type\":\"ImageObject\",\"inLanguage\":\"es\",\"@id\":\"https:\/\/www.berrua.com\/es\/#\/schema\/person\/image\/\",\"url\":\"https:\/\/secure.gravatar.com\/avatar\/503b39f80470d15a0ca6b6ddbe30d331780e39df5ca1b28cd6c77ea69c00d764?s=96&d=mm&r=g\",\"contentUrl\":\"https:\/\/secure.gravatar.com\/avatar\/503b39f80470d15a0ca6b6ddbe30d331780e39df5ca1b28cd6c77ea69c00d764?s=96&d=mm&r=g\",\"caption\":\"@dmin64\"},\"sameAs\":[\"http:\/\/www.berrua.com\"]}]}<\/script>\n<!-- \/ Yoast SEO plugin. -->","yoast_head_json":{"title":"Visita Saint Jean Pied de Port - Camping vacaciones en la costa vasca","robots":{"index":"index","follow":"follow","max-snippet":"max-snippet:-1","max-image-preview":"max-image-preview:large","max-video-preview":"max-video-preview:-1"},"canonical":"https:\/\/www.berrua.com\/es\/vacaciones-el-pais-vasco\/saint-jean-pied-de-port-camping-pais-vasco\/","og_locale":"es_ES","og_type":"article","og_title":"Visita Saint Jean Pied de Port - Camping vacaciones en la costa vasca","og_description":"Visitar Saint-Jean-Pied-de-Port Aut\u00e9ntica y preservada ciudad vasca, la antigua ciudad medieval de Saint-Jean-Pied-de-Port est\u00e1 catalogada en los \u00abpueblos m\u00e1s hermosos de Francia\u00bb. Un paso importante para los peregrinos y caminantes del camino de Compostela, es de hecho la salida de un largo tramo de 24 km pasando por el famoso Col de Roncesvalles. Situado en [&hellip;]","og_url":"https:\/\/www.berrua.com\/es\/vacaciones-el-pais-vasco\/saint-jean-pied-de-port-camping-pais-vasco\/","og_site_name":"Domaine Berrua","article_published_time":"2017-12-04T03:27:58+00:00","article_modified_time":"2022-01-13T10:11:35+00:00","og_image":[{"width":403,"height":273,"url":"https:\/\/www.berrua.com\/wp-content\/uploads\/2021\/10\/saint-jean.jpg","type":"image\/jpeg"}],"author":"@dmin64","twitter_card":"summary_large_image","twitter_misc":{"Escrito por":"@dmin64","Tiempo de lectura":"2 minutos"},"schema":{"@context":"https:\/\/schema.org","@graph":[{"@type":"Article","@id":"https:\/\/www.berrua.com\/es\/vacaciones-el-pais-vasco\/saint-jean-pied-de-port-camping-pais-vasco\/#article","isPartOf":{"@id":"https:\/\/www.berrua.com\/es\/vacaciones-el-pais-vasco\/saint-jean-pied-de-port-camping-pais-vasco\/"},"author":{"name":"@dmin64","@id":"https:\/\/www.berrua.com\/es\/#\/schema\/person\/23ce488192890d9f66d7c256d0b837af"},"headline":"Saint Jean Pied de Port","datePublished":"2017-12-04T03:27:58+00:00","dateModified":"2022-01-13T10:11:35+00:00","mainEntityOfPage":{"@id":"https:\/\/www.berrua.com\/es\/vacaciones-el-pais-vasco\/saint-jean-pied-de-port-camping-pais-vasco\/"},"wordCount":356,"publisher":{"@id":"https:\/\/www.berrua.com\/es\/#organization"},"image":{"@id":"https:\/\/www.berrua.com\/es\/vacaciones-el-pais-vasco\/saint-jean-pied-de-port-camping-pais-vasco\/#primaryimage"},"thumbnailUrl":"https:\/\/www.berrua.com\/wp-content\/uploads\/2021\/10\/saint-jean.jpg","articleSection":["Vacaciones en el Pa\u00eds Vasco"],"inLanguage":"es"},{"@type":"WebPage","@id":"https:\/\/www.berrua.com\/es\/vacaciones-el-pais-vasco\/saint-jean-pied-de-port-camping-pais-vasco\/","url":"https:\/\/www.berrua.com\/es\/vacaciones-el-pais-vasco\/saint-jean-pied-de-port-camping-pais-vasco\/","name":"Visita Saint Jean Pied de Port - Camping vacaciones en la costa vasca","isPartOf":{"@id":"https:\/\/www.berrua.com\/es\/#website"},"primaryImageOfPage":{"@id":"https:\/\/www.berrua.com\/es\/vacaciones-el-pais-vasco\/saint-jean-pied-de-port-camping-pais-vasco\/#primaryimage"},"image":{"@id":"https:\/\/www.berrua.com\/es\/vacaciones-el-pais-vasco\/saint-jean-pied-de-port-camping-pais-vasco\/#primaryimage"},"thumbnailUrl":"https:\/\/www.berrua.com\/wp-content\/uploads\/2021\/10\/saint-jean.jpg","datePublished":"2017-12-04T03:27:58+00:00","dateModified":"2022-01-13T10:11:35+00:00","breadcrumb":{"@id":"https:\/\/www.berrua.com\/es\/vacaciones-el-pais-vasco\/saint-jean-pied-de-port-camping-pais-vasco\/#breadcrumb"},"inLanguage":"es","potentialAction":[{"@type":"ReadAction","target":["https:\/\/www.berrua.com\/es\/vacaciones-el-pais-vasco\/saint-jean-pied-de-port-camping-pais-vasco\/"]}]},{"@type":"ImageObject","inLanguage":"es","@id":"https:\/\/www.berrua.com\/es\/vacaciones-el-pais-vasco\/saint-jean-pied-de-port-camping-pais-vasco\/#primaryimage","url":"https:\/\/www.berrua.com\/wp-content\/uploads\/2021\/10\/saint-jean.jpg","contentUrl":"https:\/\/www.berrua.com\/wp-content\/uploads\/2021\/10\/saint-jean.jpg","width":403,"height":273,"caption":"saint-jean"},{"@type":"BreadcrumbList","@id":"https:\/\/www.berrua.com\/es\/vacaciones-el-pais-vasco\/saint-jean-pied-de-port-camping-pais-vasco\/#breadcrumb","itemListElement":[{"@type":"ListItem","position":1,"name":"Camping Bidart au Pays Basque","item":"https:\/\/www.berrua.com\/es\/"},{"@type":"ListItem","position":2,"name":"Vacaciones en el Pa\u00eds Vasco","item":"https:\/\/www.berrua.com\/es\/vacaciones-el-pais-vasco\/"},{"@type":"ListItem","position":3,"name":"Saint Jean Pied de Port"}]},{"@type":"WebSite","@id":"https:\/\/www.berrua.com\/es\/#website","url":"https:\/\/www.berrua.com\/es\/","name":"Domaine Berrua","description":"","publisher":{"@id":"https:\/\/www.berrua.com\/es\/#organization"},"potentialAction":[{"@type":"SearchAction","target":{"@type":"EntryPoint","urlTemplate":"https:\/\/www.berrua.com\/es\/?s={search_term_string}"},"query-input":{"@type":"PropertyValueSpecification","valueRequired":true,"valueName":"search_term_string"}}],"inLanguage":"es"},{"@type":"Organization","@id":"https:\/\/www.berrua.com\/es\/#organization","name":"Camping Berrua","url":"https:\/\/www.berrua.com\/es\/","logo":{"@type":"ImageObject","inLanguage":"es","@id":"https:\/\/www.berrua.com\/es\/#\/schema\/logo\/image\/","url":"https:\/\/www.berrua.com\/wp-content\/uploads\/2022\/01\/berrua.jpg","contentUrl":"https:\/\/www.berrua.com\/wp-content\/uploads\/2022\/01\/berrua.jpg","width":321,"height":231,"caption":"Camping Berrua"},"image":{"@id":"https:\/\/www.berrua.com\/es\/#\/schema\/logo\/image\/"}},{"@type":"Person","@id":"https:\/\/www.berrua.com\/es\/#\/schema\/person\/23ce488192890d9f66d7c256d0b837af","name":"@dmin64","image":{"@type":"ImageObject","inLanguage":"es","@id":"https:\/\/www.berrua.com\/es\/#\/schema\/person\/image\/","url":"https:\/\/secure.gravatar.com\/avatar\/503b39f80470d15a0ca6b6ddbe30d331780e39df5ca1b28cd6c77ea69c00d764?s=96&d=mm&r=g","contentUrl":"https:\/\/secure.gravatar.com\/avatar\/503b39f80470d15a0ca6b6ddbe30d331780e39df5ca1b28cd6c77ea69c00d764?s=96&d=mm&r=g","caption":"@dmin64"},"sameAs":["http:\/\/www.berrua.com"]}]}},"_links":{"self":[{"href":"https:\/\/www.berrua.com\/es\/wp-json\/wp\/v2\/posts\/2343","targetHints":{"allow":["GET"]}}],"collection":[{"href":"https:\/\/www.berrua.com\/es\/wp-json\/wp\/v2\/posts"}],"about":[{"href":"https:\/\/www.berrua.com\/es\/wp-json\/wp\/v2\/types\/post"}],"author":[{"embeddable":true,"href":"https:\/\/www.berrua.com\/es\/wp-json\/wp\/v2\/users\/1"}],"replies":[{"embeddable":true,"href":"https:\/\/www.berrua.com\/es\/wp-json\/wp\/v2\/comments?post=2343"}],"version-history":[{"count":4,"href":"https:\/\/www.berrua.com\/es\/wp-json\/wp\/v2\/posts\/2343\/revisions"}],"predecessor-version":[{"id":15672,"href":"https:\/\/www.berrua.com\/es\/wp-json\/wp\/v2\/posts\/2343\/revisions\/15672"}],"wp:featuredmedia":[{"embeddable":true,"href":"https:\/\/www.berrua.com\/es\/wp-json\/wp\/v2\/media\/362"}],"wp:attachment":[{"href":"https:\/\/www.berrua.com\/es\/wp-json\/wp\/v2\/media?parent=2343"}],"wp:term":[{"taxonomy":"category","embeddable":true,"href":"https:\/\/www.berrua.com\/es\/wp-json\/wp\/v2\/categories?post=2343"},{"taxonomy":"post_tag","embeddable":true,"href":"https:\/\/www.berrua.com\/es\/wp-json\/wp\/v2\/tags?post=2343"},{"taxonomy":"sujet","embeddable":true,"href":"https:\/\/www.berrua.com\/es\/wp-json\/wp\/v2\/sujet?post=2343"}],"curies":[{"name":"wp","href":"https:\/\/api.w.org\/{rel}","templated":true}]}}