{"id":2335,"date":"2017-12-04T03:57:02","date_gmt":"2017-12-04T02:57:02","guid":{"rendered":"https:\/\/www.berrua.com\/?page_id=2335"},"modified":"2022-01-13T11:11:02","modified_gmt":"2022-01-13T10:11:02","slug":"rhune-camping-pais-vasco","status":"publish","type":"post","link":"https:\/\/www.berrua.com\/es\/vacaciones-el-pais-vasco\/rhune-camping-pais-vasco\/","title":{"rendered":"El Rhune"},"content":{"rendered":"<h2>El Rhune<\/h2>\n<p>El macizo m\u00e1s alto del pa\u00eds Vasco con su altitud de 905 m, el Rhune marca la frontera con Espa\u00f1a. La Cumbre del Rhune se sit\u00faa tambi\u00e9n en el cruce de los territorios tradicionales vascos de Navarra y de trabajo. Ofrece un panorama excepcional, a 360 \u00b0, en el oc\u00e9ano Atl\u00e1ntico, el pa\u00eds Vasco y las Landas.<\/p>\n<p>Desde el Col de Saint-Ignace, en el municipio de Sare, un aut\u00e9ntico peque\u00f1o tren de cremallera que data de 1924 a la cima de la Rhune: m\u00e1gico, los 35 minutos de ascenso en los vagones de madera de \u00e9poca le dan tiempo para descubrir Paisajes preservados de excepci\u00f3n. Las caminatas en el macizo de la Rhune, honrados en el siglo XIX por la Emperatriz Eugenia, son tambi\u00e9n una oportunidad para atravesar espacios salvajes, frecuentados por los Pottokak, los buitres leonados y las ovejas Manech.<\/p>\n<p>Se puede disfrutar del ascenso en tren y bajar a pie, por el camino que retorna al Col Saint-Ignace o por el que se une a la ca\u00edna. A los pies del Rhune se encuentra el pueblo de Sare, la antigua capital vasca del contrabando, clasificada entre los \u00abpueblos m\u00e1s hermosos de Francia\u00bb.<\/p>\n<p>Las visitas tem\u00e1ticas originales se organizan en el macizo de la Rhune: encuentros con un criador de ponis Pottok, encuentros imaginarios con Napole\u00f3n, o incluso sesiones de yoga en el desierto. En septiembre, podr\u00e1 disfrutar de noches de \u00abatardecer\u00bb. Los eventos familiares tambi\u00e9n le esperan en la parte superior: cazas de tesoros, excrementos de aves, o talleres de Robinson.<\/p>\n<h2>Domaine Berrua, a 18 km del tren Rhune<\/h2>\n<p>La estaci\u00f3n del Petit Train de la Rhune, situada en el Col de Saint-Ignace a una altitud de 169 m, se encuentra a 18 km de su Domaine Berrua. Pasando por Gu\u00e9thary, Saint-Jean-de-luz y la MaCain, que le llevar\u00e1 menos de 30 minutos en coche para llegar a la estaci\u00f3n. A continuaci\u00f3n, puede iniciar el ascenso del macizo por un tren en rack o prefieren una caminata.<\/p>\n<p>Tambi\u00e9n puede detenerse en la cacain para tomar el sendero de senderismo que conduce a la cima de la Rhune.<\/p>\n<p><i class=\"fa fa-info-circle\"><\/i> Nuestros animadores deportivos les propondr\u00e1n descubrir esta cumbre m\u00edtica con una excursi\u00f3n.<\/p>\n<h2>Para ver en los alrededores de la Rhune<\/h2>\n<p>Escalar los Pirineos descansando en <a href=\"\/es\/vacaciones-el-pais-vasco\/\">el Pa\u00eds Vasco<\/a>.<\/p>\n","protected":false},"excerpt":{"rendered":"<p>El Rhune El macizo m\u00e1s alto del pa\u00eds Vasco con su altitud de 905 m, el Rhune marca la frontera con Espa\u00f1a. La Cumbre del Rhune se sit\u00faa tambi\u00e9n en el cruce de los territorios tradicionales vascos de Navarra y de trabajo. Ofrece un panorama excepcional, a 360 \u00b0, en el oc\u00e9ano Atl\u00e1ntico, el pa\u00eds [&hellip;]<\/p>\n","protected":false},"author":1,"featured_media":352,"comment_status":"closed","ping_status":"closed","sticky":false,"template":"","format":"standard","meta":{"_acf_changed":false,"inline_featured_image":false,"footnotes":""},"categories":[73],"tags":[],"sujet":[],"class_list":["post-2335","post","type-post","status-publish","format-standard","has-post-thumbnail","hentry","category-vacaciones-el-pais-vasco"],"acf":[],"yoast_head":"<!-- This site is optimized with the Yoast SEO plugin v26.2 - https:\/\/yoast.com\/wordpress\/plugins\/seo\/ -->\n<title>Visita La Rhune - Camping vacaciones en la costa vasca<\/title>\n<meta name=\"robots\" content=\"index, follow, max-snippet:-1, max-image-preview:large, max-video-preview:-1\" \/>\n<link rel=\"canonical\" href=\"https:\/\/www.berrua.com\/es\/vacaciones-el-pais-vasco\/rhune-camping-pais-vasco\/\" \/>\n<meta property=\"og:locale\" content=\"es_ES\" \/>\n<meta property=\"og:type\" content=\"article\" \/>\n<meta property=\"og:title\" content=\"Visita La Rhune - Camping vacaciones en la costa vasca\" \/>\n<meta property=\"og:description\" content=\"El Rhune El macizo m\u00e1s alto del pa\u00eds Vasco con su altitud de 905 m, el Rhune marca la frontera con Espa\u00f1a. La Cumbre del Rhune se sit\u00faa tambi\u00e9n en el cruce de los territorios tradicionales vascos de Navarra y de trabajo. Ofrece un panorama excepcional, a 360 \u00b0, en el oc\u00e9ano Atl\u00e1ntico, el pa\u00eds [&hellip;]\" \/>\n<meta property=\"og:url\" content=\"https:\/\/www.berrua.com\/es\/vacaciones-el-pais-vasco\/rhune-camping-pais-vasco\/\" \/>\n<meta property=\"og:site_name\" content=\"Domaine Berrua\" \/>\n<meta property=\"article:published_time\" content=\"2017-12-04T02:57:02+00:00\" \/>\n<meta property=\"article:modified_time\" content=\"2022-01-13T10:11:02+00:00\" \/>\n<meta property=\"og:image\" content=\"https:\/\/www.berrua.com\/wp-content\/uploads\/2021\/10\/sare.jpg\" \/>\n\t<meta property=\"og:image:width\" content=\"403\" \/>\n\t<meta property=\"og:image:height\" content=\"273\" \/>\n\t<meta property=\"og:image:type\" content=\"image\/jpeg\" \/>\n<meta name=\"author\" content=\"@dmin64\" \/>\n<meta name=\"twitter:card\" content=\"summary_large_image\" \/>\n<meta name=\"twitter:label1\" content=\"Escrito por\" \/>\n\t<meta name=\"twitter:data1\" content=\"@dmin64\" \/>\n\t<meta name=\"twitter:label2\" content=\"Tiempo de lectura\" \/>\n\t<meta name=\"twitter:data2\" content=\"2 minutos\" \/>\n<script type=\"application\/ld+json\" class=\"yoast-schema-graph\">{\"@context\":\"https:\/\/schema.org\",\"@graph\":[{\"@type\":\"Article\",\"@id\":\"https:\/\/www.berrua.com\/es\/vacaciones-el-pais-vasco\/rhune-camping-pais-vasco\/#article\",\"isPartOf\":{\"@id\":\"https:\/\/www.berrua.com\/es\/vacaciones-el-pais-vasco\/rhune-camping-pais-vasco\/\"},\"author\":{\"name\":\"@dmin64\",\"@id\":\"https:\/\/www.berrua.com\/es\/#\/schema\/person\/23ce488192890d9f66d7c256d0b837af\"},\"headline\":\"El Rhune\",\"datePublished\":\"2017-12-04T02:57:02+00:00\",\"dateModified\":\"2022-01-13T10:11:02+00:00\",\"mainEntityOfPage\":{\"@id\":\"https:\/\/www.berrua.com\/es\/vacaciones-el-pais-vasco\/rhune-camping-pais-vasco\/\"},\"wordCount\":398,\"publisher\":{\"@id\":\"https:\/\/www.berrua.com\/es\/#organization\"},\"image\":{\"@id\":\"https:\/\/www.berrua.com\/es\/vacaciones-el-pais-vasco\/rhune-camping-pais-vasco\/#primaryimage\"},\"thumbnailUrl\":\"https:\/\/www.berrua.com\/wp-content\/uploads\/2021\/10\/sare.jpg\",\"articleSection\":[\"Vacaciones en el Pa\u00eds Vasco\"],\"inLanguage\":\"es\"},{\"@type\":\"WebPage\",\"@id\":\"https:\/\/www.berrua.com\/es\/vacaciones-el-pais-vasco\/rhune-camping-pais-vasco\/\",\"url\":\"https:\/\/www.berrua.com\/es\/vacaciones-el-pais-vasco\/rhune-camping-pais-vasco\/\",\"name\":\"Visita La Rhune - Camping vacaciones en la costa vasca\",\"isPartOf\":{\"@id\":\"https:\/\/www.berrua.com\/es\/#website\"},\"primaryImageOfPage\":{\"@id\":\"https:\/\/www.berrua.com\/es\/vacaciones-el-pais-vasco\/rhune-camping-pais-vasco\/#primaryimage\"},\"image\":{\"@id\":\"https:\/\/www.berrua.com\/es\/vacaciones-el-pais-vasco\/rhune-camping-pais-vasco\/#primaryimage\"},\"thumbnailUrl\":\"https:\/\/www.berrua.com\/wp-content\/uploads\/2021\/10\/sare.jpg\",\"datePublished\":\"2017-12-04T02:57:02+00:00\",\"dateModified\":\"2022-01-13T10:11:02+00:00\",\"breadcrumb\":{\"@id\":\"https:\/\/www.berrua.com\/es\/vacaciones-el-pais-vasco\/rhune-camping-pais-vasco\/#breadcrumb\"},\"inLanguage\":\"es\",\"potentialAction\":[{\"@type\":\"ReadAction\",\"target\":[\"https:\/\/www.berrua.com\/es\/vacaciones-el-pais-vasco\/rhune-camping-pais-vasco\/\"]}]},{\"@type\":\"ImageObject\",\"inLanguage\":\"es\",\"@id\":\"https:\/\/www.berrua.com\/es\/vacaciones-el-pais-vasco\/rhune-camping-pais-vasco\/#primaryimage\",\"url\":\"https:\/\/www.berrua.com\/wp-content\/uploads\/2021\/10\/sare.jpg\",\"contentUrl\":\"https:\/\/www.berrua.com\/wp-content\/uploads\/2021\/10\/sare.jpg\",\"width\":403,\"height\":273,\"caption\":\"sare\"},{\"@type\":\"BreadcrumbList\",\"@id\":\"https:\/\/www.berrua.com\/es\/vacaciones-el-pais-vasco\/rhune-camping-pais-vasco\/#breadcrumb\",\"itemListElement\":[{\"@type\":\"ListItem\",\"position\":1,\"name\":\"Camping Bidart au Pays Basque\",\"item\":\"https:\/\/www.berrua.com\/es\/\"},{\"@type\":\"ListItem\",\"position\":2,\"name\":\"Vacaciones en el Pa\u00eds Vasco\",\"item\":\"https:\/\/www.berrua.com\/es\/vacaciones-el-pais-vasco\/\"},{\"@type\":\"ListItem\",\"position\":3,\"name\":\"Camping cerca de la Rhune\"}]},{\"@type\":\"WebSite\",\"@id\":\"https:\/\/www.berrua.com\/es\/#website\",\"url\":\"https:\/\/www.berrua.com\/es\/\",\"name\":\"Domaine Berrua\",\"description\":\"\",\"publisher\":{\"@id\":\"https:\/\/www.berrua.com\/es\/#organization\"},\"potentialAction\":[{\"@type\":\"SearchAction\",\"target\":{\"@type\":\"EntryPoint\",\"urlTemplate\":\"https:\/\/www.berrua.com\/es\/?s={search_term_string}\"},\"query-input\":{\"@type\":\"PropertyValueSpecification\",\"valueRequired\":true,\"valueName\":\"search_term_string\"}}],\"inLanguage\":\"es\"},{\"@type\":\"Organization\",\"@id\":\"https:\/\/www.berrua.com\/es\/#organization\",\"name\":\"Camping Berrua\",\"url\":\"https:\/\/www.berrua.com\/es\/\",\"logo\":{\"@type\":\"ImageObject\",\"inLanguage\":\"es\",\"@id\":\"https:\/\/www.berrua.com\/es\/#\/schema\/logo\/image\/\",\"url\":\"https:\/\/www.berrua.com\/wp-content\/uploads\/2022\/01\/berrua.jpg\",\"contentUrl\":\"https:\/\/www.berrua.com\/wp-content\/uploads\/2022\/01\/berrua.jpg\",\"width\":321,\"height\":231,\"caption\":\"Camping Berrua\"},\"image\":{\"@id\":\"https:\/\/www.berrua.com\/es\/#\/schema\/logo\/image\/\"}},{\"@type\":\"Person\",\"@id\":\"https:\/\/www.berrua.com\/es\/#\/schema\/person\/23ce488192890d9f66d7c256d0b837af\",\"name\":\"@dmin64\",\"image\":{\"@type\":\"ImageObject\",\"inLanguage\":\"es\",\"@id\":\"https:\/\/www.berrua.com\/es\/#\/schema\/person\/image\/\",\"url\":\"https:\/\/secure.gravatar.com\/avatar\/503b39f80470d15a0ca6b6ddbe30d331780e39df5ca1b28cd6c77ea69c00d764?s=96&d=mm&r=g\",\"contentUrl\":\"https:\/\/secure.gravatar.com\/avatar\/503b39f80470d15a0ca6b6ddbe30d331780e39df5ca1b28cd6c77ea69c00d764?s=96&d=mm&r=g\",\"caption\":\"@dmin64\"},\"sameAs\":[\"http:\/\/www.berrua.com\"]}]}<\/script>\n<!-- \/ Yoast SEO plugin. -->","yoast_head_json":{"title":"Visita La Rhune - Camping vacaciones en la costa vasca","robots":{"index":"index","follow":"follow","max-snippet":"max-snippet:-1","max-image-preview":"max-image-preview:large","max-video-preview":"max-video-preview:-1"},"canonical":"https:\/\/www.berrua.com\/es\/vacaciones-el-pais-vasco\/rhune-camping-pais-vasco\/","og_locale":"es_ES","og_type":"article","og_title":"Visita La Rhune - Camping vacaciones en la costa vasca","og_description":"El Rhune El macizo m\u00e1s alto del pa\u00eds Vasco con su altitud de 905 m, el Rhune marca la frontera con Espa\u00f1a. La Cumbre del Rhune se sit\u00faa tambi\u00e9n en el cruce de los territorios tradicionales vascos de Navarra y de trabajo. Ofrece un panorama excepcional, a 360 \u00b0, en el oc\u00e9ano Atl\u00e1ntico, el pa\u00eds [&hellip;]","og_url":"https:\/\/www.berrua.com\/es\/vacaciones-el-pais-vasco\/rhune-camping-pais-vasco\/","og_site_name":"Domaine Berrua","article_published_time":"2017-12-04T02:57:02+00:00","article_modified_time":"2022-01-13T10:11:02+00:00","og_image":[{"width":403,"height":273,"url":"https:\/\/www.berrua.com\/wp-content\/uploads\/2021\/10\/sare.jpg","type":"image\/jpeg"}],"author":"@dmin64","twitter_card":"summary_large_image","twitter_misc":{"Escrito por":"@dmin64","Tiempo de lectura":"2 minutos"},"schema":{"@context":"https:\/\/schema.org","@graph":[{"@type":"Article","@id":"https:\/\/www.berrua.com\/es\/vacaciones-el-pais-vasco\/rhune-camping-pais-vasco\/#article","isPartOf":{"@id":"https:\/\/www.berrua.com\/es\/vacaciones-el-pais-vasco\/rhune-camping-pais-vasco\/"},"author":{"name":"@dmin64","@id":"https:\/\/www.berrua.com\/es\/#\/schema\/person\/23ce488192890d9f66d7c256d0b837af"},"headline":"El Rhune","datePublished":"2017-12-04T02:57:02+00:00","dateModified":"2022-01-13T10:11:02+00:00","mainEntityOfPage":{"@id":"https:\/\/www.berrua.com\/es\/vacaciones-el-pais-vasco\/rhune-camping-pais-vasco\/"},"wordCount":398,"publisher":{"@id":"https:\/\/www.berrua.com\/es\/#organization"},"image":{"@id":"https:\/\/www.berrua.com\/es\/vacaciones-el-pais-vasco\/rhune-camping-pais-vasco\/#primaryimage"},"thumbnailUrl":"https:\/\/www.berrua.com\/wp-content\/uploads\/2021\/10\/sare.jpg","articleSection":["Vacaciones en el Pa\u00eds Vasco"],"inLanguage":"es"},{"@type":"WebPage","@id":"https:\/\/www.berrua.com\/es\/vacaciones-el-pais-vasco\/rhune-camping-pais-vasco\/","url":"https:\/\/www.berrua.com\/es\/vacaciones-el-pais-vasco\/rhune-camping-pais-vasco\/","name":"Visita La Rhune - Camping vacaciones en la costa vasca","isPartOf":{"@id":"https:\/\/www.berrua.com\/es\/#website"},"primaryImageOfPage":{"@id":"https:\/\/www.berrua.com\/es\/vacaciones-el-pais-vasco\/rhune-camping-pais-vasco\/#primaryimage"},"image":{"@id":"https:\/\/www.berrua.com\/es\/vacaciones-el-pais-vasco\/rhune-camping-pais-vasco\/#primaryimage"},"thumbnailUrl":"https:\/\/www.berrua.com\/wp-content\/uploads\/2021\/10\/sare.jpg","datePublished":"2017-12-04T02:57:02+00:00","dateModified":"2022-01-13T10:11:02+00:00","breadcrumb":{"@id":"https:\/\/www.berrua.com\/es\/vacaciones-el-pais-vasco\/rhune-camping-pais-vasco\/#breadcrumb"},"inLanguage":"es","potentialAction":[{"@type":"ReadAction","target":["https:\/\/www.berrua.com\/es\/vacaciones-el-pais-vasco\/rhune-camping-pais-vasco\/"]}]},{"@type":"ImageObject","inLanguage":"es","@id":"https:\/\/www.berrua.com\/es\/vacaciones-el-pais-vasco\/rhune-camping-pais-vasco\/#primaryimage","url":"https:\/\/www.berrua.com\/wp-content\/uploads\/2021\/10\/sare.jpg","contentUrl":"https:\/\/www.berrua.com\/wp-content\/uploads\/2021\/10\/sare.jpg","width":403,"height":273,"caption":"sare"},{"@type":"BreadcrumbList","@id":"https:\/\/www.berrua.com\/es\/vacaciones-el-pais-vasco\/rhune-camping-pais-vasco\/#breadcrumb","itemListElement":[{"@type":"ListItem","position":1,"name":"Camping Bidart au Pays Basque","item":"https:\/\/www.berrua.com\/es\/"},{"@type":"ListItem","position":2,"name":"Vacaciones en el Pa\u00eds Vasco","item":"https:\/\/www.berrua.com\/es\/vacaciones-el-pais-vasco\/"},{"@type":"ListItem","position":3,"name":"Camping cerca de la Rhune"}]},{"@type":"WebSite","@id":"https:\/\/www.berrua.com\/es\/#website","url":"https:\/\/www.berrua.com\/es\/","name":"Domaine Berrua","description":"","publisher":{"@id":"https:\/\/www.berrua.com\/es\/#organization"},"potentialAction":[{"@type":"SearchAction","target":{"@type":"EntryPoint","urlTemplate":"https:\/\/www.berrua.com\/es\/?s={search_term_string}"},"query-input":{"@type":"PropertyValueSpecification","valueRequired":true,"valueName":"search_term_string"}}],"inLanguage":"es"},{"@type":"Organization","@id":"https:\/\/www.berrua.com\/es\/#organization","name":"Camping Berrua","url":"https:\/\/www.berrua.com\/es\/","logo":{"@type":"ImageObject","inLanguage":"es","@id":"https:\/\/www.berrua.com\/es\/#\/schema\/logo\/image\/","url":"https:\/\/www.berrua.com\/wp-content\/uploads\/2022\/01\/berrua.jpg","contentUrl":"https:\/\/www.berrua.com\/wp-content\/uploads\/2022\/01\/berrua.jpg","width":321,"height":231,"caption":"Camping Berrua"},"image":{"@id":"https:\/\/www.berrua.com\/es\/#\/schema\/logo\/image\/"}},{"@type":"Person","@id":"https:\/\/www.berrua.com\/es\/#\/schema\/person\/23ce488192890d9f66d7c256d0b837af","name":"@dmin64","image":{"@type":"ImageObject","inLanguage":"es","@id":"https:\/\/www.berrua.com\/es\/#\/schema\/person\/image\/","url":"https:\/\/secure.gravatar.com\/avatar\/503b39f80470d15a0ca6b6ddbe30d331780e39df5ca1b28cd6c77ea69c00d764?s=96&d=mm&r=g","contentUrl":"https:\/\/secure.gravatar.com\/avatar\/503b39f80470d15a0ca6b6ddbe30d331780e39df5ca1b28cd6c77ea69c00d764?s=96&d=mm&r=g","caption":"@dmin64"},"sameAs":["http:\/\/www.berrua.com"]}]}},"_links":{"self":[{"href":"https:\/\/www.berrua.com\/es\/wp-json\/wp\/v2\/posts\/2335","targetHints":{"allow":["GET"]}}],"collection":[{"href":"https:\/\/www.berrua.com\/es\/wp-json\/wp\/v2\/posts"}],"about":[{"href":"https:\/\/www.berrua.com\/es\/wp-json\/wp\/v2\/types\/post"}],"author":[{"embeddable":true,"href":"https:\/\/www.berrua.com\/es\/wp-json\/wp\/v2\/users\/1"}],"replies":[{"embeddable":true,"href":"https:\/\/www.berrua.com\/es\/wp-json\/wp\/v2\/comments?post=2335"}],"version-history":[{"count":4,"href":"https:\/\/www.berrua.com\/es\/wp-json\/wp\/v2\/posts\/2335\/revisions"}],"predecessor-version":[{"id":15670,"href":"https:\/\/www.berrua.com\/es\/wp-json\/wp\/v2\/posts\/2335\/revisions\/15670"}],"wp:featuredmedia":[{"embeddable":true,"href":"https:\/\/www.berrua.com\/es\/wp-json\/wp\/v2\/media\/352"}],"wp:attachment":[{"href":"https:\/\/www.berrua.com\/es\/wp-json\/wp\/v2\/media?parent=2335"}],"wp:term":[{"taxonomy":"category","embeddable":true,"href":"https:\/\/www.berrua.com\/es\/wp-json\/wp\/v2\/categories?post=2335"},{"taxonomy":"post_tag","embeddable":true,"href":"https:\/\/www.berrua.com\/es\/wp-json\/wp\/v2\/tags?post=2335"},{"taxonomy":"sujet","embeddable":true,"href":"https:\/\/www.berrua.com\/es\/wp-json\/wp\/v2\/sujet?post=2335"}],"curies":[{"name":"wp","href":"https:\/\/api.w.org\/{rel}","templated":true}]}}