{"id":2266,"date":"2017-12-03T02:12:05","date_gmt":"2017-12-03T01:12:05","guid":{"rendered":"https:\/\/www.berrua.com\/?page_id=2266"},"modified":"2022-01-13T11:11:18","modified_gmt":"2022-01-13T10:11:18","slug":"saint-jean-de-luz-camping-pais-vasco","status":"publish","type":"post","link":"https:\/\/www.berrua.com\/es\/vacaciones-el-pais-vasco\/saint-jean-de-luz-camping-pais-vasco\/","title":{"rendered":"Saint Jean de Luz"},"content":{"rendered":"<h2>La ciudad de Saint-Jean-de-luz<\/h2>\n<p>Puerto pesquero y Resort real, Saint-Jean-de-luz conserva de su pasado un ambiente mixto de pueblo vasco tradicional abierto al mar y ciudad costera de encanto. El rey Luis XIV permaneci\u00f3 en Saint-Jean-de-luz con motivo de su matrimonio con Mar\u00eda Teresa de Austria, infante de Espa\u00f1a. La \u00abMaison Louis XIV\u00bb, que acogi\u00f3 al monarca durante 40 d\u00edas, y la \u00abMaison de la infante\u00bb, donde se aloj\u00f3 Marie-Th\u00e9r\u00e8se, est\u00e1n abiertas para la visita.<\/p>\n<p>La iglesia de San Juan Bautista acogi\u00f3 la ceremonia de la boda real en 1660: t\u00edpicamente Vasco con sus galer\u00edas de madera tallada, el edificio tiene un mobiliario rico y una decoraci\u00f3n interior notable, incluyendo un retablo de madera dorada especialmente Excepcional.<\/p>\n<p>El centro de la ciudad de Saint-Jean-de-luz se ha beneficiado de la influencia de este acontecimiento hist\u00f3rico durante varios siglos: es posible admirar las variadas arquitecturas de hermosas mansiones construidas en los siglos XVII y XVIII, as\u00ed como los hoteles especiales del siglo XIX Siglo y las villas de estilo neo-Vasco construidas a partir de principios del siglo XX.<\/p>\n<p>Las calles, peatonales para muchos, est\u00e1n llenas de tiendas, tiendas de artesan\u00edas y galer\u00edas de arte. Entre pintores callejeros, mercados, terrazas, carruseles y coros vascos, las plazas del centro de la ciudad peatonal son muy animadas. En el lado del mar, Saint-Jean-de-luz ofrece 6 playas de arena fina, un puerto pesquero encantador y numerosas actividades n\u00e1uticas.<\/p>\n<p>La ciudad tambi\u00e9n organiza numerosos eventos a lo largo del a\u00f1o, incluyendo el carnaval, el festival andaluz, los festivales de patrocinio de San Juan, los internacionales de cesta punta, el Festival del at\u00fan, o la liberaci\u00f3n de linternas el 14 de agosto.<\/p>\n<h2>Domaine Berrua, a 10 km de Saint-Jean-de-luz<\/h2>\n<p>Situado a 10 km de su camping, el coraz\u00f3n de Ville de Saint-Jean-de-luz es alcanzable en 16 minutos en coche por el D810. Este itinerario, el m\u00e1s corto y r\u00e1pido, te hace pasar por el bonito pueblo de Gu\u00e9thary.<\/p>\n<h2>Visita los pueblos de los alrededores de Saint Jean de luz<\/h2>\n<p>Participe en el folclore vasco y disfrute de su estancia en <a href=\"\/es\/vacaciones-el-pais-vasco\/\">el Pa\u00eds Vasco<\/a>.<\/p>\n","protected":false},"excerpt":{"rendered":"<p>La ciudad de Saint-Jean-de-luz Puerto pesquero y Resort real, Saint-Jean-de-luz conserva de su pasado un ambiente mixto de pueblo vasco tradicional abierto al mar y ciudad costera de encanto. El rey Luis XIV permaneci\u00f3 en Saint-Jean-de-luz con motivo de su matrimonio con Mar\u00eda Teresa de Austria, infante de Espa\u00f1a. La \u00abMaison Louis XIV\u00bb, que acogi\u00f3 [&hellip;]<\/p>\n","protected":false},"author":1,"featured_media":350,"comment_status":"closed","ping_status":"closed","sticky":false,"template":"","format":"standard","meta":{"_acf_changed":false,"inline_featured_image":false,"footnotes":""},"categories":[73],"tags":[],"sujet":[],"class_list":["post-2266","post","type-post","status-publish","format-standard","has-post-thumbnail","hentry","category-vacaciones-el-pais-vasco"],"acf":[],"yoast_head":"<!-- This site is optimized with the Yoast SEO plugin v26.2 - https:\/\/yoast.com\/wordpress\/plugins\/seo\/ -->\n<title>Visita Saint Jean de Luz - Camping vacaciones en la costa vasca<\/title>\n<meta name=\"robots\" content=\"index, follow, max-snippet:-1, max-image-preview:large, max-video-preview:-1\" \/>\n<link rel=\"canonical\" href=\"https:\/\/www.berrua.com\/es\/vacaciones-el-pais-vasco\/saint-jean-de-luz-camping-pais-vasco\/\" \/>\n<meta property=\"og:locale\" content=\"es_ES\" \/>\n<meta property=\"og:type\" content=\"article\" \/>\n<meta property=\"og:title\" content=\"Visita Saint Jean de Luz - Camping vacaciones en la costa vasca\" \/>\n<meta property=\"og:description\" content=\"La ciudad de Saint-Jean-de-luz Puerto pesquero y Resort real, Saint-Jean-de-luz conserva de su pasado un ambiente mixto de pueblo vasco tradicional abierto al mar y ciudad costera de encanto. El rey Luis XIV permaneci\u00f3 en Saint-Jean-de-luz con motivo de su matrimonio con Mar\u00eda Teresa de Austria, infante de Espa\u00f1a. La \u00abMaison Louis XIV\u00bb, que acogi\u00f3 [&hellip;]\" \/>\n<meta property=\"og:url\" content=\"https:\/\/www.berrua.com\/es\/vacaciones-el-pais-vasco\/saint-jean-de-luz-camping-pais-vasco\/\" \/>\n<meta property=\"og:site_name\" content=\"Domaine Berrua\" \/>\n<meta property=\"article:published_time\" content=\"2017-12-03T01:12:05+00:00\" \/>\n<meta property=\"article:modified_time\" content=\"2022-01-13T10:11:18+00:00\" \/>\n<meta property=\"og:image\" content=\"https:\/\/www.berrua.com\/wp-content\/uploads\/2021\/10\/sare.jpg\" \/>\n\t<meta property=\"og:image:width\" content=\"403\" \/>\n\t<meta property=\"og:image:height\" content=\"273\" \/>\n\t<meta property=\"og:image:type\" content=\"image\/jpeg\" \/>\n<meta name=\"author\" content=\"@dmin64\" \/>\n<meta name=\"twitter:card\" content=\"summary_large_image\" \/>\n<meta name=\"twitter:label1\" content=\"Escrito por\" \/>\n\t<meta name=\"twitter:data1\" content=\"@dmin64\" \/>\n\t<meta name=\"twitter:label2\" content=\"Tiempo de lectura\" \/>\n\t<meta name=\"twitter:data2\" content=\"2 minutos\" \/>\n<script type=\"application\/ld+json\" class=\"yoast-schema-graph\">{\"@context\":\"https:\/\/schema.org\",\"@graph\":[{\"@type\":\"Article\",\"@id\":\"https:\/\/www.berrua.com\/es\/vacaciones-el-pais-vasco\/saint-jean-de-luz-camping-pais-vasco\/#article\",\"isPartOf\":{\"@id\":\"https:\/\/www.berrua.com\/es\/vacaciones-el-pais-vasco\/saint-jean-de-luz-camping-pais-vasco\/\"},\"author\":{\"name\":\"@dmin64\",\"@id\":\"https:\/\/www.berrua.com\/es\/#\/schema\/person\/23ce488192890d9f66d7c256d0b837af\"},\"headline\":\"Saint Jean de Luz\",\"datePublished\":\"2017-12-03T01:12:05+00:00\",\"dateModified\":\"2022-01-13T10:11:18+00:00\",\"mainEntityOfPage\":{\"@id\":\"https:\/\/www.berrua.com\/es\/vacaciones-el-pais-vasco\/saint-jean-de-luz-camping-pais-vasco\/\"},\"wordCount\":365,\"publisher\":{\"@id\":\"https:\/\/www.berrua.com\/es\/#organization\"},\"image\":{\"@id\":\"https:\/\/www.berrua.com\/es\/vacaciones-el-pais-vasco\/saint-jean-de-luz-camping-pais-vasco\/#primaryimage\"},\"thumbnailUrl\":\"https:\/\/www.berrua.com\/wp-content\/uploads\/2021\/10\/sare.jpg\",\"articleSection\":[\"Vacaciones en el Pa\u00eds Vasco\"],\"inLanguage\":\"es\"},{\"@type\":\"WebPage\",\"@id\":\"https:\/\/www.berrua.com\/es\/vacaciones-el-pais-vasco\/saint-jean-de-luz-camping-pais-vasco\/\",\"url\":\"https:\/\/www.berrua.com\/es\/vacaciones-el-pais-vasco\/saint-jean-de-luz-camping-pais-vasco\/\",\"name\":\"Visita Saint Jean de Luz - Camping vacaciones en la costa vasca\",\"isPartOf\":{\"@id\":\"https:\/\/www.berrua.com\/es\/#website\"},\"primaryImageOfPage\":{\"@id\":\"https:\/\/www.berrua.com\/es\/vacaciones-el-pais-vasco\/saint-jean-de-luz-camping-pais-vasco\/#primaryimage\"},\"image\":{\"@id\":\"https:\/\/www.berrua.com\/es\/vacaciones-el-pais-vasco\/saint-jean-de-luz-camping-pais-vasco\/#primaryimage\"},\"thumbnailUrl\":\"https:\/\/www.berrua.com\/wp-content\/uploads\/2021\/10\/sare.jpg\",\"datePublished\":\"2017-12-03T01:12:05+00:00\",\"dateModified\":\"2022-01-13T10:11:18+00:00\",\"breadcrumb\":{\"@id\":\"https:\/\/www.berrua.com\/es\/vacaciones-el-pais-vasco\/saint-jean-de-luz-camping-pais-vasco\/#breadcrumb\"},\"inLanguage\":\"es\",\"potentialAction\":[{\"@type\":\"ReadAction\",\"target\":[\"https:\/\/www.berrua.com\/es\/vacaciones-el-pais-vasco\/saint-jean-de-luz-camping-pais-vasco\/\"]}]},{\"@type\":\"ImageObject\",\"inLanguage\":\"es\",\"@id\":\"https:\/\/www.berrua.com\/es\/vacaciones-el-pais-vasco\/saint-jean-de-luz-camping-pais-vasco\/#primaryimage\",\"url\":\"https:\/\/www.berrua.com\/wp-content\/uploads\/2021\/10\/sare.jpg\",\"contentUrl\":\"https:\/\/www.berrua.com\/wp-content\/uploads\/2021\/10\/sare.jpg\",\"width\":403,\"height\":273,\"caption\":\"sare\"},{\"@type\":\"BreadcrumbList\",\"@id\":\"https:\/\/www.berrua.com\/es\/vacaciones-el-pais-vasco\/saint-jean-de-luz-camping-pais-vasco\/#breadcrumb\",\"itemListElement\":[{\"@type\":\"ListItem\",\"position\":1,\"name\":\"Camping Bidart au Pays Basque\",\"item\":\"https:\/\/www.berrua.com\/es\/\"},{\"@type\":\"ListItem\",\"position\":2,\"name\":\"Vacaciones en el Pa\u00eds Vasco\",\"item\":\"https:\/\/www.berrua.com\/es\/vacaciones-el-pais-vasco\/\"},{\"@type\":\"ListItem\",\"position\":3,\"name\":\"Camping Saint Jean de Luz\"}]},{\"@type\":\"WebSite\",\"@id\":\"https:\/\/www.berrua.com\/es\/#website\",\"url\":\"https:\/\/www.berrua.com\/es\/\",\"name\":\"Domaine Berrua\",\"description\":\"\",\"publisher\":{\"@id\":\"https:\/\/www.berrua.com\/es\/#organization\"},\"potentialAction\":[{\"@type\":\"SearchAction\",\"target\":{\"@type\":\"EntryPoint\",\"urlTemplate\":\"https:\/\/www.berrua.com\/es\/?s={search_term_string}\"},\"query-input\":{\"@type\":\"PropertyValueSpecification\",\"valueRequired\":true,\"valueName\":\"search_term_string\"}}],\"inLanguage\":\"es\"},{\"@type\":\"Organization\",\"@id\":\"https:\/\/www.berrua.com\/es\/#organization\",\"name\":\"Camping Berrua\",\"url\":\"https:\/\/www.berrua.com\/es\/\",\"logo\":{\"@type\":\"ImageObject\",\"inLanguage\":\"es\",\"@id\":\"https:\/\/www.berrua.com\/es\/#\/schema\/logo\/image\/\",\"url\":\"https:\/\/www.berrua.com\/wp-content\/uploads\/2022\/01\/berrua.jpg\",\"contentUrl\":\"https:\/\/www.berrua.com\/wp-content\/uploads\/2022\/01\/berrua.jpg\",\"width\":321,\"height\":231,\"caption\":\"Camping Berrua\"},\"image\":{\"@id\":\"https:\/\/www.berrua.com\/es\/#\/schema\/logo\/image\/\"}},{\"@type\":\"Person\",\"@id\":\"https:\/\/www.berrua.com\/es\/#\/schema\/person\/23ce488192890d9f66d7c256d0b837af\",\"name\":\"@dmin64\",\"image\":{\"@type\":\"ImageObject\",\"inLanguage\":\"es\",\"@id\":\"https:\/\/www.berrua.com\/es\/#\/schema\/person\/image\/\",\"url\":\"https:\/\/secure.gravatar.com\/avatar\/503b39f80470d15a0ca6b6ddbe30d331780e39df5ca1b28cd6c77ea69c00d764?s=96&d=mm&r=g\",\"contentUrl\":\"https:\/\/secure.gravatar.com\/avatar\/503b39f80470d15a0ca6b6ddbe30d331780e39df5ca1b28cd6c77ea69c00d764?s=96&d=mm&r=g\",\"caption\":\"@dmin64\"},\"sameAs\":[\"http:\/\/www.berrua.com\"]}]}<\/script>\n<!-- \/ Yoast SEO plugin. -->","yoast_head_json":{"title":"Visita Saint Jean de Luz - Camping vacaciones en la costa vasca","robots":{"index":"index","follow":"follow","max-snippet":"max-snippet:-1","max-image-preview":"max-image-preview:large","max-video-preview":"max-video-preview:-1"},"canonical":"https:\/\/www.berrua.com\/es\/vacaciones-el-pais-vasco\/saint-jean-de-luz-camping-pais-vasco\/","og_locale":"es_ES","og_type":"article","og_title":"Visita Saint Jean de Luz - Camping vacaciones en la costa vasca","og_description":"La ciudad de Saint-Jean-de-luz Puerto pesquero y Resort real, Saint-Jean-de-luz conserva de su pasado un ambiente mixto de pueblo vasco tradicional abierto al mar y ciudad costera de encanto. El rey Luis XIV permaneci\u00f3 en Saint-Jean-de-luz con motivo de su matrimonio con Mar\u00eda Teresa de Austria, infante de Espa\u00f1a. La \u00abMaison Louis XIV\u00bb, que acogi\u00f3 [&hellip;]","og_url":"https:\/\/www.berrua.com\/es\/vacaciones-el-pais-vasco\/saint-jean-de-luz-camping-pais-vasco\/","og_site_name":"Domaine Berrua","article_published_time":"2017-12-03T01:12:05+00:00","article_modified_time":"2022-01-13T10:11:18+00:00","og_image":[{"width":403,"height":273,"url":"https:\/\/www.berrua.com\/wp-content\/uploads\/2021\/10\/sare.jpg","type":"image\/jpeg"}],"author":"@dmin64","twitter_card":"summary_large_image","twitter_misc":{"Escrito por":"@dmin64","Tiempo de lectura":"2 minutos"},"schema":{"@context":"https:\/\/schema.org","@graph":[{"@type":"Article","@id":"https:\/\/www.berrua.com\/es\/vacaciones-el-pais-vasco\/saint-jean-de-luz-camping-pais-vasco\/#article","isPartOf":{"@id":"https:\/\/www.berrua.com\/es\/vacaciones-el-pais-vasco\/saint-jean-de-luz-camping-pais-vasco\/"},"author":{"name":"@dmin64","@id":"https:\/\/www.berrua.com\/es\/#\/schema\/person\/23ce488192890d9f66d7c256d0b837af"},"headline":"Saint Jean de Luz","datePublished":"2017-12-03T01:12:05+00:00","dateModified":"2022-01-13T10:11:18+00:00","mainEntityOfPage":{"@id":"https:\/\/www.berrua.com\/es\/vacaciones-el-pais-vasco\/saint-jean-de-luz-camping-pais-vasco\/"},"wordCount":365,"publisher":{"@id":"https:\/\/www.berrua.com\/es\/#organization"},"image":{"@id":"https:\/\/www.berrua.com\/es\/vacaciones-el-pais-vasco\/saint-jean-de-luz-camping-pais-vasco\/#primaryimage"},"thumbnailUrl":"https:\/\/www.berrua.com\/wp-content\/uploads\/2021\/10\/sare.jpg","articleSection":["Vacaciones en el Pa\u00eds Vasco"],"inLanguage":"es"},{"@type":"WebPage","@id":"https:\/\/www.berrua.com\/es\/vacaciones-el-pais-vasco\/saint-jean-de-luz-camping-pais-vasco\/","url":"https:\/\/www.berrua.com\/es\/vacaciones-el-pais-vasco\/saint-jean-de-luz-camping-pais-vasco\/","name":"Visita Saint Jean de Luz - Camping vacaciones en la costa vasca","isPartOf":{"@id":"https:\/\/www.berrua.com\/es\/#website"},"primaryImageOfPage":{"@id":"https:\/\/www.berrua.com\/es\/vacaciones-el-pais-vasco\/saint-jean-de-luz-camping-pais-vasco\/#primaryimage"},"image":{"@id":"https:\/\/www.berrua.com\/es\/vacaciones-el-pais-vasco\/saint-jean-de-luz-camping-pais-vasco\/#primaryimage"},"thumbnailUrl":"https:\/\/www.berrua.com\/wp-content\/uploads\/2021\/10\/sare.jpg","datePublished":"2017-12-03T01:12:05+00:00","dateModified":"2022-01-13T10:11:18+00:00","breadcrumb":{"@id":"https:\/\/www.berrua.com\/es\/vacaciones-el-pais-vasco\/saint-jean-de-luz-camping-pais-vasco\/#breadcrumb"},"inLanguage":"es","potentialAction":[{"@type":"ReadAction","target":["https:\/\/www.berrua.com\/es\/vacaciones-el-pais-vasco\/saint-jean-de-luz-camping-pais-vasco\/"]}]},{"@type":"ImageObject","inLanguage":"es","@id":"https:\/\/www.berrua.com\/es\/vacaciones-el-pais-vasco\/saint-jean-de-luz-camping-pais-vasco\/#primaryimage","url":"https:\/\/www.berrua.com\/wp-content\/uploads\/2021\/10\/sare.jpg","contentUrl":"https:\/\/www.berrua.com\/wp-content\/uploads\/2021\/10\/sare.jpg","width":403,"height":273,"caption":"sare"},{"@type":"BreadcrumbList","@id":"https:\/\/www.berrua.com\/es\/vacaciones-el-pais-vasco\/saint-jean-de-luz-camping-pais-vasco\/#breadcrumb","itemListElement":[{"@type":"ListItem","position":1,"name":"Camping Bidart au Pays Basque","item":"https:\/\/www.berrua.com\/es\/"},{"@type":"ListItem","position":2,"name":"Vacaciones en el Pa\u00eds Vasco","item":"https:\/\/www.berrua.com\/es\/vacaciones-el-pais-vasco\/"},{"@type":"ListItem","position":3,"name":"Camping Saint Jean de Luz"}]},{"@type":"WebSite","@id":"https:\/\/www.berrua.com\/es\/#website","url":"https:\/\/www.berrua.com\/es\/","name":"Domaine Berrua","description":"","publisher":{"@id":"https:\/\/www.berrua.com\/es\/#organization"},"potentialAction":[{"@type":"SearchAction","target":{"@type":"EntryPoint","urlTemplate":"https:\/\/www.berrua.com\/es\/?s={search_term_string}"},"query-input":{"@type":"PropertyValueSpecification","valueRequired":true,"valueName":"search_term_string"}}],"inLanguage":"es"},{"@type":"Organization","@id":"https:\/\/www.berrua.com\/es\/#organization","name":"Camping Berrua","url":"https:\/\/www.berrua.com\/es\/","logo":{"@type":"ImageObject","inLanguage":"es","@id":"https:\/\/www.berrua.com\/es\/#\/schema\/logo\/image\/","url":"https:\/\/www.berrua.com\/wp-content\/uploads\/2022\/01\/berrua.jpg","contentUrl":"https:\/\/www.berrua.com\/wp-content\/uploads\/2022\/01\/berrua.jpg","width":321,"height":231,"caption":"Camping Berrua"},"image":{"@id":"https:\/\/www.berrua.com\/es\/#\/schema\/logo\/image\/"}},{"@type":"Person","@id":"https:\/\/www.berrua.com\/es\/#\/schema\/person\/23ce488192890d9f66d7c256d0b837af","name":"@dmin64","image":{"@type":"ImageObject","inLanguage":"es","@id":"https:\/\/www.berrua.com\/es\/#\/schema\/person\/image\/","url":"https:\/\/secure.gravatar.com\/avatar\/503b39f80470d15a0ca6b6ddbe30d331780e39df5ca1b28cd6c77ea69c00d764?s=96&d=mm&r=g","contentUrl":"https:\/\/secure.gravatar.com\/avatar\/503b39f80470d15a0ca6b6ddbe30d331780e39df5ca1b28cd6c77ea69c00d764?s=96&d=mm&r=g","caption":"@dmin64"},"sameAs":["http:\/\/www.berrua.com"]}]}},"_links":{"self":[{"href":"https:\/\/www.berrua.com\/es\/wp-json\/wp\/v2\/posts\/2266","targetHints":{"allow":["GET"]}}],"collection":[{"href":"https:\/\/www.berrua.com\/es\/wp-json\/wp\/v2\/posts"}],"about":[{"href":"https:\/\/www.berrua.com\/es\/wp-json\/wp\/v2\/types\/post"}],"author":[{"embeddable":true,"href":"https:\/\/www.berrua.com\/es\/wp-json\/wp\/v2\/users\/1"}],"replies":[{"embeddable":true,"href":"https:\/\/www.berrua.com\/es\/wp-json\/wp\/v2\/comments?post=2266"}],"version-history":[{"count":4,"href":"https:\/\/www.berrua.com\/es\/wp-json\/wp\/v2\/posts\/2266\/revisions"}],"predecessor-version":[{"id":15671,"href":"https:\/\/www.berrua.com\/es\/wp-json\/wp\/v2\/posts\/2266\/revisions\/15671"}],"wp:featuredmedia":[{"embeddable":true,"href":"https:\/\/www.berrua.com\/es\/wp-json\/wp\/v2\/media\/350"}],"wp:attachment":[{"href":"https:\/\/www.berrua.com\/es\/wp-json\/wp\/v2\/media?parent=2266"}],"wp:term":[{"taxonomy":"category","embeddable":true,"href":"https:\/\/www.berrua.com\/es\/wp-json\/wp\/v2\/categories?post=2266"},{"taxonomy":"post_tag","embeddable":true,"href":"https:\/\/www.berrua.com\/es\/wp-json\/wp\/v2\/tags?post=2266"},{"taxonomy":"sujet","embeddable":true,"href":"https:\/\/www.berrua.com\/es\/wp-json\/wp\/v2\/sujet?post=2266"}],"curies":[{"name":"wp","href":"https:\/\/api.w.org\/{rel}","templated":true}]}}